{"id":6803,"date":"2021-07-19T12:38:20","date_gmt":"2021-07-19T10:38:20","guid":{"rendered":"https:\/\/renowacja.katedraopolska.pl\/?p=6803"},"modified":"2021-07-19T12:47:44","modified_gmt":"2021-07-19T10:47:44","slug":"viii-koncert-z-serii-organowe-inspiracje-2","status":"publish","type":"post","link":"https:\/\/renowacja.katedraopolska.pl\/de\/2021\/07\/19\/viii-koncert-z-serii-organowe-inspiracje-2\/","title":{"rendered":"(Polski) IX koncert z serii Organowe Inspiracje"},"content":{"rendered":"<p>Szanowni Pa\u0144stwo.<\/p>\n<p>Ju\u017c po raz <strong>IX<\/strong> w niedziel\u0119 <strong>25.07.2021r<\/strong>. o godz. <strong>19.30<\/strong> w opolskie katedrze rozbrzmiewa\u0107 b\u0119dzie muzyka organowa z cyklu \"Organowe Inspiracje - Muzyczna Trzynastka\".<\/p>\n<p>Muzyka organowa zachwyca swoim pi\u0119knem i bogactwem barw. Jej wyj\u0105tkowo\u015b\u0107 tkwi w instrumencie, jakim s\u0105 organy, z kt\u00f3rych arty\u015bci wydobywaj\u0105 d\u017awi\u0119ki, zaskakuj\u0105c zgromadzonych na koncercie s\u0142uchaczy. Z pewno\u015bci\u0105 dope\u0142nieniem tej wyj\u0105tkowej i podnios\u0142ej atmosfery jest r\u00f3wnie\u017c sacrum wn\u0119trza \u015bwi\u0105tyni, w kt\u00f3rej jest wykonywana.<\/p>\n<p>Wykonawc\u0105 koncertu organowego b\u0119dzie <strong>Pan Bogdan St\u0119pie\u0144<\/strong>. Szczeg\u00f3\u0142owe informacje odno\u015bnie koncertu odnajdziemy na plakacie w tym celu przygotowanym.<\/p>\n<p>Zapraszamy na koncert wszystkich mi\u0142o\u015bnik\u00f3w muzyki organowej i nie tylko.<\/p>\n<p>Wst\u0119p na koncert jest wolny.<\/p>\n<p>Serdecznie zapraszamy!<\/p>\n<p><a href=\"https:\/\/renowacja.katedraopolska.pl\/wp-content\/uploads\/2021\/07\/plakat_katedra_koncert_9.pdf\" target=\"_blank\" rel=\"noopener\"><img loading=\"lazy\" decoding=\"async\" class=\"aligncenter wp-image-6804 size-medium\" src=\"https:\/\/renowacja.katedraopolska.pl\/wp-content\/uploads\/2021\/07\/plakat_katedra_koncert_9-214x300.jpg\" alt=\"\" width=\"214\" height=\"300\" srcset=\"https:\/\/renowacja.katedraopolska.pl\/wp-content\/uploads\/2021\/07\/plakat_katedra_koncert_9-214x300.jpg 214w, https:\/\/renowacja.katedraopolska.pl\/wp-content\/uploads\/2021\/07\/plakat_katedra_koncert_9.jpg 652w\" sizes=\"auto, (max-width: 214px) 100vw, 214px\" \/><\/a><\/p>\n","protected":false},"excerpt":{"rendered":"<p>Szanowni Pa\u0144stwo.<\/p>\n<p>Ju\u017c po raz IX w niedziel\u0119 25.07.2021r. o godz. 19.30 w opolskie katedrze rozbrzmiewa\u0107 b\u0119dzie muzyka organowa z cyklu &#8222;Organowe Inspiracje &#8211; Muzyczna Trzynastka&#8220;.<\/p>\n<p>Muzyka organowa zachwyca swoim pi\u0119knem i bogactwem barw. Jej wyj\u0105tkowo\u015b\u0107 tkwi w instrumencie, jakim s\u0105 organy, z kt\u00f3rych arty\u015bci wydobywaj\u0105 d\u017awi\u0119ki, zaskakuj\u0105c zgromadzonych na koncercie s\u0142uchaczy. Z pewno\u015bci\u0105 dope\u0142nieniem tej wyj\u0105tkowej i podnios\u0142ej atmosfery jest r\u00f3wnie\u017c sacrum wn\u0119trza \u015bwi\u0105tyni, w kt\u00f3rej jest wykonywana.<\/p>\n<p>Wykonawc\u0105 koncertu organowego b\u0119dzie Pan Bogdan St\u0119pie\u0144. Szczeg\u00f3\u0142owe informacje odno\u015bnie koncertu odnajdziemy na plakacie w tym celu przygotowanym.<\/p>\n<p>Zapraszamy na koncert wszystkich mi\u0142o\u015bnik\u00f3w muzyki organowej<\/p>\n","protected":false},"author":3,"featured_media":6810,"comment_status":"closed","ping_status":"open","sticky":false,"template":"","format":"standard","meta":{"_acf_changed":false,"footnotes":""},"categories":[42],"tags":[],"class_list":["post-6803","post","type-post","status-publish","format-standard","has-post-thumbnail","hentry","category-kronika-wydarzen"],"acf":[],"_links":{"self":[{"href":"https:\/\/renowacja.katedraopolska.pl\/de\/wp-json\/wp\/v2\/posts\/6803","targetHints":{"allow":["GET"]}}],"collection":[{"href":"https:\/\/renowacja.katedraopolska.pl\/de\/wp-json\/wp\/v2\/posts"}],"about":[{"href":"https:\/\/renowacja.katedraopolska.pl\/de\/wp-json\/wp\/v2\/types\/post"}],"author":[{"embeddable":true,"href":"https:\/\/renowacja.katedraopolska.pl\/de\/wp-json\/wp\/v2\/users\/3"}],"replies":[{"embeddable":true,"href":"https:\/\/renowacja.katedraopolska.pl\/de\/wp-json\/wp\/v2\/comments?post=6803"}],"version-history":[{"count":3,"href":"https:\/\/renowacja.katedraopolska.pl\/de\/wp-json\/wp\/v2\/posts\/6803\/revisions"}],"predecessor-version":[{"id":6812,"href":"https:\/\/renowacja.katedraopolska.pl\/de\/wp-json\/wp\/v2\/posts\/6803\/revisions\/6812"}],"wp:featuredmedia":[{"embeddable":true,"href":"https:\/\/renowacja.katedraopolska.pl\/de\/wp-json\/wp\/v2\/media\/6810"}],"wp:attachment":[{"href":"https:\/\/renowacja.katedraopolska.pl\/de\/wp-json\/wp\/v2\/media?parent=6803"}],"wp:term":[{"taxonomy":"category","embeddable":true,"href":"https:\/\/renowacja.katedraopolska.pl\/de\/wp-json\/wp\/v2\/categories?post=6803"},{"taxonomy":"post_tag","embeddable":true,"href":"https:\/\/renowacja.katedraopolska.pl\/de\/wp-json\/wp\/v2\/tags?post=6803"}],"curies":[{"name":"wp","href":"https:\/\/api.w.org\/{rel}","templated":true}]}}